{"id":450,"date":"2024-12-24T09:44:32","date_gmt":"2024-12-24T08:44:32","guid":{"rendered":"https:\/\/evoluzen.fr\/?p=450"},"modified":"2024-12-24T09:47:29","modified_gmt":"2024-12-24T08:47:29","slug":"le-pouvoir-de-lintention-une-force-pour-transformer-nos-vies","status":"publish","type":"post","link":"https:\/\/evoluzen.fr\/index.php\/spirit\/le-pouvoir-de-lintention-une-force-pour-transformer-nos-vies\/","title":{"rendered":"Le Pouvoir de l&#8217;Intention : Une Force pour Transformer Nos Vies"},"content":{"rendered":"\n<p>Nous avons tous entendu parler de l&#8217;id\u00e9e que &#8220;nos pens\u00e9es cr\u00e9ent notre r\u00e9alit\u00e9&#8221;. Mais ce principe va bien au-del\u00e0 d&#8217;une simple pens\u00e9e positive. Il repose sur une force bien plus profonde et universelle : le pouvoir de l&#8217;intention. Cette \u00e9nergie subtile mais puissante peut ouvrir des portes insoup\u00e7onn\u00e9es, transformer notre quotidien et nous guider sur le chemin de la spiritualit\u00e9. J\u2019ai r\u00e9cemment exp\u00e9riment\u00e9 ce pouvoir, et je souhaite partager cette exp\u00e9rience avec vous.<\/p>\n\n\n\n<p>Et quel moment plus appropri\u00e9 que celui-ci pour parler de spiritualit\u00e9 et de connexion profonde ? Alors que j&#8217;\u00e9cris ces lignes, nous sommes le jour du r\u00e9veillon de No\u00ebl. Cette journ\u00e9e particuli\u00e8re, empreinte de magie et d\u2019introspection, me semble \u00eatre un v\u00e9ritable cadeau du ciel, une invitation \u00e0 nous recentrer sur ce qui compte vraiment : notre lien avec l\u2019univers et notre propre essence.<\/p>\n\n\n\n<h5 class=\"wp-block-heading has-black-color has-blush-light-purple-gradient-background has-text-color has-background has-link-color wp-elements-f8058736b4489a6f0d268dff1e757a02\">Mon Exp\u00e9rience avec le Pouvoir de l&#8217;Intention<\/h5>\n\n\n\n<p>Hier matin, j\u2019ai d\u00e9cid\u00e9 de pratiquer le pouvoir de l\u2019intention en me r\u00e9p\u00e9tant une phrase simple mais profonde : &#8220;Je communique avec facilit\u00e9 avec mes guides.&#8221; C\u2019\u00e9tait une intention pos\u00e9e avec le c\u0153ur, sans attentes particuli\u00e8res, mais avec la confiance que l\u2019univers r\u00e9pond toujours \u00e0 nos appels sinc\u00e8res.<\/p>\n\n\n\n<p>Le soir, juste avant de m\u2019endormir, une voix int\u00e9rieure s\u2019est manifest\u00e9e avec une clart\u00e9 surprenante. Elle m\u2019a dit : &#8220;La spiritualit\u00e9 est un parcours individuel qui m\u00e8ne \u00e0 l\u2019unicit\u00e9.&#8221; Ces mots m\u2019ont touch\u00e9e profond\u00e9ment, comme s\u2019ils r\u00e9v\u00e9laient une v\u00e9rit\u00e9 universelle que mon \u00e2me connaissait d\u00e9j\u00e0. Je me suis sentie align\u00e9e, connect\u00e9e, comme si mon intention du matin avait trouv\u00e9 une r\u00e9ponse, une guidance.<\/p>\n\n\n\n<h5 class=\"wp-block-heading has-black-color has-blush-light-purple-gradient-background has-text-color has-background has-link-color wp-elements-274afe055539549d02be587f50451704\">Comprendre l\u2019Intention : Une Cl\u00e9 de Transformation<\/h5>\n\n\n\n<p>L\u2019intention est bien plus qu\u2019une simple pens\u00e9e ou un souhait. C\u2019est une force dirig\u00e9e, une \u00e9nergie que nous \u00e9mettons consciemment dans l\u2019univers. Lorsque nous posons une intention avec clart\u00e9 et sinc\u00e9rit\u00e9, nous envoyons un signal puissant, comme un phare qui \u00e9claire le chemin. Mais pour que cette intention ait un impact, elle doit venir d\u2019un espace int\u00e9rieur align\u00e9 avec notre c\u0153ur et nos aspirations profondes.<\/p>\n\n\n\n<h5 class=\"wp-block-heading has-black-color has-blush-light-purple-gradient-background has-text-color has-background has-link-color wp-elements-9c5ad2e689ab90218591f52ce334b81d\">La Spiritualit\u00e9 : Un Parcours Vers l\u2019Unicit\u00e9<\/h5>\n\n\n\n<p>La phrase que j\u2019ai entendue \u2013 &#8220;La spiritualit\u00e9 est un parcours individuel qui m\u00e8ne \u00e0 l\u2019unicit\u00e9&#8221; \u2013 m\u2019a invit\u00e9e \u00e0 r\u00e9fl\u00e9chir. Souvent, nous cherchons des r\u00e9ponses \u00e0 l\u2019ext\u00e9rieur, dans des enseignements, des pratiques ou des mentors. Mais cette voix m\u2019a rappel\u00e9 que chaque personne suit un chemin unique, forg\u00e9 par ses propres exp\u00e9riences et intuitions. La spiritualit\u00e9 n\u2019est pas un cadre rigide ou universel ; c\u2019est un voyage personnel qui nous ram\u00e8ne \u00e0 une connexion profonde avec l\u2019univers, et avec nous-m\u00eames.<\/p>\n\n\n\n<p>Dans ce processus, l\u2019intention joue un r\u00f4le cl\u00e9. C\u2019est elle qui guide nos pas et oriente notre \u00e9nergie vers ce qui est align\u00e9 avec notre v\u00e9rit\u00e9 int\u00e9rieure.<\/p>\n\n\n\n<h5 class=\"wp-block-heading has-black-color has-blush-light-purple-gradient-background has-text-color has-background has-link-color wp-elements-7091001fcac144a5e89031d95be658be\">Comment Cultiver le Pouvoir de l\u2019Intention ?<\/h5>\n\n\n\n<p>Si vous souhaitez exp\u00e9rimenter le pouvoir de l\u2019intention, voici quelques pratiques simples \u00e0 essayer :<\/p>\n\n\n\n<ul class=\"wp-block-list\">\n<li><strong>M\u00e9diter pour Clarifier l\u2019Esprit. <\/strong>Prenez quelques minutes chaque jour pour calmer votre esprit. Une intention claire na\u00eet d\u2019un espace int\u00e9rieur paisible.<\/li>\n\n\n\n<li><strong>\u00c9crire Vos Intentions. <\/strong>Posez vos intentions par \u00e9crit, comme une conversation avec l\u2019univers. Soyez pr\u00e9cis et sinc\u00e8re.<\/li>\n\n\n\n<li><strong>Utiliser des Affirmations. <\/strong>R\u00e9p\u00e9tez vos intentions \u00e0 voix haute ou dans votre esprit, comme un mantra. Par exemple : &#8220;Je suis en paix avec moi-m\u00eame et avec le monde.&#8221;<\/li>\n\n\n\n<li><strong>Ressentir l\u2019\u00c9motion de Votre Intention. <\/strong>Lorsque vous formulez une intention, imaginez d\u00e9j\u00e0 qu\u2019elle est r\u00e9alis\u00e9e. Ressentez la joie, la gratitude ou la paix qui en d\u00e9coule.<\/li>\n\n\n\n<li><strong>L\u00e2cher Prise. <\/strong>Une fois votre intention pos\u00e9e, rel\u00e2chez toute attente et faites confiance \u00e0 l\u2019univers pour qu\u2019il vous guide de la meilleure mani\u00e8re.<\/li>\n<\/ul>\n\n\n\n<h5 class=\"wp-block-heading has-black-color has-blush-light-purple-gradient-background has-text-color has-background has-link-color wp-elements-515fa6e0e90439343d8f880690869ac4\">Une Invitation \u00e0 Essayer<\/h5>\n\n\n\n<p>En cette veille de No\u00ebl, une p\u00e9riode o\u00f9 les \u00e9nergies sont particuli\u00e8rement \u00e9lev\u00e9es et propices \u00e0 l\u2019introspection, je vous invite \u00e0 pratiquer le pouvoir de l\u2019intention dans votre propre vie. Choisissez une intention simple, mais significative pour vous. Par exemple : &#8220;Je trouve la s\u00e9r\u00e9nit\u00e9 dans chaque instant.&#8221; R\u00e9p\u00e9tez-la le matin, et soyez attentif aux signes, aux intuitions ou aux synchronicit\u00e9s qui pourraient appara\u00eetre au cours de votre journ\u00e9e.<\/p>\n\n\n\n<p>La magie de l\u2019intention ne r\u00e9side pas seulement dans son pouvoir \u00e0 attirer ce que nous d\u00e9sirons, mais aussi dans sa capacit\u00e9 \u00e0 transformer notre perception et \u00e0 nous connecter \u00e0 quelque chose de plus grand.<\/p>\n\n\n\n<p class=\"has-white-color has-vivid-cyan-blue-to-vivid-purple-gradient-background has-text-color has-background has-link-color wp-elements-1fcb14fae3abd20289b88505944c3a8a\"><em>En ce jour particulier, o\u00f9 nous c\u00e9l\u00e9brons l\u2019amour, la lumi\u00e8re et la renaissance, je ressens une immense gratitude d\u2019\u00e9crire cet article et de le partager avec vous. Pour moi, c\u2019est un v\u00e9ritable cadeau du ciel, et je souhaite que ces mots, tout comme l\u2019intention qui les porte, puissent r\u00e9sonner avec vous et illuminer votre chemin.<\/em><\/p>\n\n\n\n<p class=\"has-white-background-color has-background\"><em> <\/em>Et vous, avez-vous d\u00e9j\u00e0 exp\u00e9riment\u00e9 le pouvoir de l\u2019intention ? Partagez vos exp\u00e9riences dans les commentaires. Je serais ravie d\u2019\u00e9changer avec vous sur ce magnifique voyage int\u00e9rieur.<\/p>\n","protected":false},"excerpt":{"rendered":"<p>Nous avons tous entendu parler de l&#8217;id\u00e9e que &#8220;nos pens\u00e9es cr\u00e9ent notre r\u00e9alit\u00e9&#8221;. Mais ce principe va bien au-del\u00e0 d&#8217;une simple pens\u00e9e positive. Il repose sur une force bien plus &hellip; <\/p>\n","protected":false},"author":1,"featured_media":0,"comment_status":"open","ping_status":"closed","sticky":false,"template":"","format":"standard","meta":{"footnotes":""},"categories":[13],"tags":[],"class_list":["post-450","post","type-post","status-publish","format-standard","hentry","category-spirit","has-meta has-sticky-meta"],"_links":{"self":[{"href":"https:\/\/evoluzen.fr\/index.php\/wp-json\/wp\/v2\/posts\/450","targetHints":{"allow":["GET"]}}],"collection":[{"href":"https:\/\/evoluzen.fr\/index.php\/wp-json\/wp\/v2\/posts"}],"about":[{"href":"https:\/\/evoluzen.fr\/index.php\/wp-json\/wp\/v2\/types\/post"}],"author":[{"embeddable":true,"href":"https:\/\/evoluzen.fr\/index.php\/wp-json\/wp\/v2\/users\/1"}],"replies":[{"embeddable":true,"href":"https:\/\/evoluzen.fr\/index.php\/wp-json\/wp\/v2\/comments?post=450"}],"version-history":[{"count":7,"href":"https:\/\/evoluzen.fr\/index.php\/wp-json\/wp\/v2\/posts\/450\/revisions"}],"predecessor-version":[{"id":457,"href":"https:\/\/evoluzen.fr\/index.php\/wp-json\/wp\/v2\/posts\/450\/revisions\/457"}],"wp:attachment":[{"href":"https:\/\/evoluzen.fr\/index.php\/wp-json\/wp\/v2\/media?parent=450"}],"wp:term":[{"taxonomy":"category","embeddable":true,"href":"https:\/\/evoluzen.fr\/index.php\/wp-json\/wp\/v2\/categories?post=450"},{"taxonomy":"post_tag","embeddable":true,"href":"https:\/\/evoluzen.fr\/index.php\/wp-json\/wp\/v2\/tags?post=450"}],"curies":[{"name":"wp","href":"https:\/\/api.w.org\/{rel}","templated":true}]}}